{"id":1118,"date":"2026-04-22T14:01:39","date_gmt":"2026-04-22T12:01:39","guid":{"rendered":"https:\/\/cyclovac.cat\/?p=1118"},"modified":"2026-04-22T14:05:19","modified_gmt":"2026-04-22T12:05:19","slug":"avantatges-de-laspiracio-centralitzada-per-a-persones-amb-allergies","status":"publish","type":"post","link":"https:\/\/cyclovac.cat\/es\/avantatges-de-laspiracio-centralitzada-per-a-persones-amb-allergies\/","title":{"rendered":"Avantatges de l\u2019aspiraci\u00f3 centralitzada per a persones amb al\u00b7l\u00e8rgies"},"content":{"rendered":"<h2 class=\"wp-block-heading has-mdm-large-font-size\">Un sistema que millora la qualitat de l\u2019aire interior i redueix la pres\u00e8ncia de pols i al\u00b7l\u00e8rgens a la llar<\/h2>\n\n\n\n<p>Cada vegada hi ha m\u00e9s persones que pateixen al\u00b7l\u00e8rgies a la pols, als \u00e0cars o al pol\u00b7len, i aix\u00f2 fa que la qualitat de l\u2019aire dins de casa sigui un factor clau per al benestar diari. En aquest context, els sistemes d\u2019aspiraci\u00f3 centralitzada s\u2019han convertit en una alternativa cada cop m\u00e9s valorada per mantenir els espais m\u00e9s nets i saludables.<\/p>\n\n\n\n<p>A difer\u00e8ncia dels aspiradors tradicionals, que sovint recirculen part de la pols fina a l\u2019ambient, els sistemes d\u2019aspiraci\u00f3 centralitzada funcionen d\u2019una manera molt m\u00e9s eficient. La unitat central, situada fora de les zones habitables, expulsa l\u2019aire a l\u2019exterior o el filtra de manera molt m\u00e9s efectiva, evitant que les part\u00edcules tornin a l\u2019interior de la llar.<\/p>\n\n\n\n<h2 class=\"wp-block-heading has-medium-font-size\">Com afecta la pols i els \u00e0cars a la qualitat de l\u2019aire interior<\/h2>\n\n\n\n<p>Aquest detall, que pot semblar menor, t\u00e9 un gran impacte en persones amb sensibilitat respirat\u00f2ria. Reduir la pres\u00e8ncia de micropart\u00edcules en suspensi\u00f3 ajuda a disminuir els s\u00edmptomes d\u2019al\u00b7l\u00e8rgia i millora la sensaci\u00f3 de confort dins de casa.<\/p>\n\n\n\n<p>Un altre aspecte important \u00e9s la pot\u00e8ncia d\u2019aspiraci\u00f3. Sistemes com els de Cyclovac estan dissenyats per eliminar la brut\u00edcia de manera m\u00e9s profunda, especialment en superf\u00edcies com catifes, moquetes o tapisseries, on s\u2019acumulen amb facilitat els \u00e0cars i altres al\u00b7l\u00e8rgens.<\/p>\n\n\n\n<h3 class=\"wp-block-heading has-medium-font-size\">Difer\u00e8ncies entre aspiradors tradicionals i aspiraci\u00f3 centralitzada en la filtraci\u00f3<\/h3>\n\n\n\n<p>A m\u00e9s, el fet de no haver de transportar un aspirador convencional per tota la casa redueix el moviment de pols durant la neteja. Amb una simple connexi\u00f3 a la presa de paret, es pot aspirar de manera m\u00e9s r\u00e0pida i controlada, evitant aixecar part\u00edcules innecess\u00e0riament.<\/p>\n\n\n\n<p>Els sistemes d\u2019aspiraci\u00f3 centralitzada tamb\u00e9 permeten incorporar filtres avan\u00e7ats, en alguns casos amb tecnologia h\u00edbrida, que retenen fins a les part\u00edcules m\u00e9s petites. Aix\u00f2 contribueix a crear un ambient m\u00e9s saludable, especialment en llars amb infants, mascotes o persones amb problemes respiratoris.<\/p>\n\n\n\n<p>En definitiva, m\u00e9s enll\u00e0 de la comoditat, l\u2019aspiraci\u00f3 centralitzada aporta un benefici directe en la qualitat de vida. Per a persones amb al\u00b7l\u00e8rgies, pot suposar un canvi significatiu en el seu dia a dia, ajudant a mantenir una llar m\u00e9s neta, segura i confortable.<\/p>\n\n\n\n<p>Amb la creixent preocupaci\u00f3 per la salut i el benestar a casa, aquest tipus de sistemes es posicionen com una soluci\u00f3 cada cop m\u00e9s recomanada en habitatges moderns.<\/p>","protected":false},"excerpt":{"rendered":"<p>Un sistema que millora la qualitat de l\u2019aire interior i redueix la pres\u00e8ncia de pols i al\u00b7l\u00e8rgens a la llar Cada vegada hi ha m\u00e9s persones que pateixen al\u00b7l\u00e8rgies a la pols, als \u00e0cars o al pol\u00b7len, i aix\u00f2 fa que la qualitat de l\u2019aire dins de casa sigui un factor clau per al benestar [&hellip;]<\/p>","protected":false},"author":1,"featured_media":1120,"comment_status":"open","ping_status":"open","sticky":false,"template":"","format":"standard","meta":{"footnotes":""},"categories":[37],"tags":[],"class_list":["post-1118","post","type-post","status-publish","format-standard","has-post-thumbnail","hentry","category-sense-categoria-ca"],"yoast_head":"<!-- This site is optimized with the Yoast SEO plugin v25.5 - https:\/\/yoast.com\/wordpress\/plugins\/seo\/ -->\n<title>Avantatges de l\u2019aspiraci\u00f3 centralitzada per a persones amb al\u00b7l\u00e8rgies<\/title>\n<meta name=\"description\" content=\"Un sistema que millora la qualitat de l\u2019aire interior i redueix la pres\u00e8ncia de pols i al\u00b7l\u00e8rgens a la llar. Avantatges de l\u2019aspiraci\u00f3 centralitzada per a persones amb al\u00b7l\u00e8rgies.\" \/>\n<meta name=\"robots\" content=\"index, follow, max-snippet:-1, max-image-preview:large, max-video-preview:-1\" \/>\n<link rel=\"canonical\" href=\"https:\/\/cyclovac.cat\/es\/avantatges-de-laspiracio-centralitzada-per-a-persones-amb-allergies\/\" \/>\n<meta property=\"og:locale\" content=\"es_ES\" \/>\n<meta property=\"og:type\" content=\"article\" \/>\n<meta property=\"og:title\" content=\"Avantatges de l\u2019aspiraci\u00f3 centralitzada per a persones amb al\u00b7l\u00e8rgies\" \/>\n<meta property=\"og:description\" content=\"Un sistema que millora la qualitat de l\u2019aire interior i redueix la pres\u00e8ncia de pols i al\u00b7l\u00e8rgens a la llar. Avantatges de l\u2019aspiraci\u00f3 centralitzada per a persones amb al\u00b7l\u00e8rgies.\" \/>\n<meta property=\"og:url\" content=\"https:\/\/cyclovac.cat\/es\/avantatges-de-laspiracio-centralitzada-per-a-persones-amb-allergies\/\" \/>\n<meta property=\"og:site_name\" content=\"Cyclovac\" \/>\n<meta property=\"article:published_time\" content=\"2026-04-22T12:01:39+00:00\" \/>\n<meta property=\"article:modified_time\" content=\"2026-04-22T12:05:19+00:00\" \/>\n<meta property=\"og:image\" content=\"https:\/\/cyclovac.cat\/wp-content\/uploads\/2026\/04\/Avantatges-de-laspiracio-centralitzada-per-a-persones-amb-allergies.jpg\" \/>\n\t<meta property=\"og:image:width\" content=\"680\" \/>\n\t<meta property=\"og:image:height\" content=\"540\" \/>\n\t<meta property=\"og:image:type\" content=\"image\/jpeg\" \/>\n<meta name=\"author\" content=\"admin\" \/>\n<meta name=\"twitter:card\" content=\"summary_large_image\" \/>\n<meta name=\"twitter:label1\" content=\"Escrito por\" \/>\n\t<meta name=\"twitter:data1\" content=\"admin\" \/>\n\t<meta name=\"twitter:label2\" content=\"Tiempo de lectura\" \/>\n\t<meta name=\"twitter:data2\" content=\"3 minutos\" \/>\n<script type=\"application\/ld+json\" class=\"yoast-schema-graph\">{\"@context\":\"https:\/\/schema.org\",\"@graph\":[{\"@type\":\"Article\",\"@id\":\"https:\/\/cyclovac.cat\/avantatges-de-laspiracio-centralitzada-per-a-persones-amb-allergies\/#article\",\"isPartOf\":{\"@id\":\"https:\/\/cyclovac.cat\/avantatges-de-laspiracio-centralitzada-per-a-persones-amb-allergies\/\"},\"author\":{\"name\":\"admin\",\"@id\":\"https:\/\/cyclovac.cat\/#\/schema\/person\/82ad5afde8202156bebcd9cc7c10370f\"},\"headline\":\"Avantatges de l\u2019aspiraci\u00f3 centralitzada per a persones amb al\u00b7l\u00e8rgies\",\"datePublished\":\"2026-04-22T12:01:39+00:00\",\"dateModified\":\"2026-04-22T12:05:19+00:00\",\"mainEntityOfPage\":{\"@id\":\"https:\/\/cyclovac.cat\/avantatges-de-laspiracio-centralitzada-per-a-persones-amb-allergies\/\"},\"wordCount\":465,\"commentCount\":0,\"publisher\":{\"@id\":\"https:\/\/cyclovac.cat\/#organization\"},\"image\":{\"@id\":\"https:\/\/cyclovac.cat\/avantatges-de-laspiracio-centralitzada-per-a-persones-amb-allergies\/#primaryimage\"},\"thumbnailUrl\":\"https:\/\/cyclovac.cat\/wp-content\/uploads\/2026\/04\/Avantatges-de-laspiracio-centralitzada-per-a-persones-amb-allergies.jpg\",\"articleSection\":[\"Sense categoria\"],\"inLanguage\":\"es\",\"potentialAction\":[{\"@type\":\"CommentAction\",\"name\":\"Comment\",\"target\":[\"https:\/\/cyclovac.cat\/avantatges-de-laspiracio-centralitzada-per-a-persones-amb-allergies\/#respond\"]}]},{\"@type\":\"WebPage\",\"@id\":\"https:\/\/cyclovac.cat\/avantatges-de-laspiracio-centralitzada-per-a-persones-amb-allergies\/\",\"url\":\"https:\/\/cyclovac.cat\/avantatges-de-laspiracio-centralitzada-per-a-persones-amb-allergies\/\",\"name\":\"Avantatges de l\u2019aspiraci\u00f3 centralitzada per a persones amb al\u00b7l\u00e8rgies\",\"isPartOf\":{\"@id\":\"https:\/\/cyclovac.cat\/#website\"},\"primaryImageOfPage\":{\"@id\":\"https:\/\/cyclovac.cat\/avantatges-de-laspiracio-centralitzada-per-a-persones-amb-allergies\/#primaryimage\"},\"image\":{\"@id\":\"https:\/\/cyclovac.cat\/avantatges-de-laspiracio-centralitzada-per-a-persones-amb-allergies\/#primaryimage\"},\"thumbnailUrl\":\"https:\/\/cyclovac.cat\/wp-content\/uploads\/2026\/04\/Avantatges-de-laspiracio-centralitzada-per-a-persones-amb-allergies.jpg\",\"datePublished\":\"2026-04-22T12:01:39+00:00\",\"dateModified\":\"2026-04-22T12:05:19+00:00\",\"description\":\"Un sistema que millora la qualitat de l\u2019aire interior i redueix la pres\u00e8ncia de pols i al\u00b7l\u00e8rgens a la llar. Avantatges de l\u2019aspiraci\u00f3 centralitzada per a persones amb al\u00b7l\u00e8rgies.\",\"breadcrumb\":{\"@id\":\"https:\/\/cyclovac.cat\/avantatges-de-laspiracio-centralitzada-per-a-persones-amb-allergies\/#breadcrumb\"},\"inLanguage\":\"es\",\"potentialAction\":[{\"@type\":\"ReadAction\",\"target\":[\"https:\/\/cyclovac.cat\/avantatges-de-laspiracio-centralitzada-per-a-persones-amb-allergies\/\"]}]},{\"@type\":\"ImageObject\",\"inLanguage\":\"es\",\"@id\":\"https:\/\/cyclovac.cat\/avantatges-de-laspiracio-centralitzada-per-a-persones-amb-allergies\/#primaryimage\",\"url\":\"https:\/\/cyclovac.cat\/wp-content\/uploads\/2026\/04\/Avantatges-de-laspiracio-centralitzada-per-a-persones-amb-allergies.jpg\",\"contentUrl\":\"https:\/\/cyclovac.cat\/wp-content\/uploads\/2026\/04\/Avantatges-de-laspiracio-centralitzada-per-a-persones-amb-allergies.jpg\",\"width\":680,\"height\":540,\"caption\":\"Avantatges de l\u2019aspiraci\u00f3 centralitzada per a persones amb al\u00b7l\u00e8rgies\"},{\"@type\":\"BreadcrumbList\",\"@id\":\"https:\/\/cyclovac.cat\/avantatges-de-laspiracio-centralitzada-per-a-persones-amb-allergies\/#breadcrumb\",\"itemListElement\":[{\"@type\":\"ListItem\",\"position\":1,\"name\":\"Inici\",\"item\":\"https:\/\/cyclovac.cat\/\"},{\"@type\":\"ListItem\",\"position\":2,\"name\":\"Avantatges de l\u2019aspiraci\u00f3 centralitzada per a persones amb al\u00b7l\u00e8rgies\"}]},{\"@type\":\"WebSite\",\"@id\":\"https:\/\/cyclovac.cat\/#website\",\"url\":\"https:\/\/cyclovac.cat\/\",\"name\":\"Cyclovac\",\"description\":\"Amb m\u00e9s de 60 anys d\u2019excel\u00b7l\u00e8ncia, Cyclovac dissenya i fabrica al Canad\u00e0 sistemes d\u2019aspiraci\u00f3 central potents, silenciosos i duradors, amb garanties exclusives de 10 a 25 anys. Gr\u00e0cies a una recerca i desenvolupament continus, oferim solucions a mida que milloren la qualitat de l\u2019aire interior i faciliten la neteja di\u00e0ria. La nostra xarxa global de professionals especialitzats garanteix una instal\u00b7laci\u00f3 i un servei t\u00e8cnic \u00f2ptims, adaptats a les necessitats de cada llar.\",\"publisher\":{\"@id\":\"https:\/\/cyclovac.cat\/#organization\"},\"potentialAction\":[{\"@type\":\"SearchAction\",\"target\":{\"@type\":\"EntryPoint\",\"urlTemplate\":\"https:\/\/cyclovac.cat\/?s={search_term_string}\"},\"query-input\":{\"@type\":\"PropertyValueSpecification\",\"valueRequired\":true,\"valueName\":\"search_term_string\"}}],\"inLanguage\":\"es\"},{\"@type\":\"Organization\",\"@id\":\"https:\/\/cyclovac.cat\/#organization\",\"name\":\"Cyclovac\",\"url\":\"https:\/\/cyclovac.cat\/\",\"logo\":{\"@type\":\"ImageObject\",\"inLanguage\":\"es\",\"@id\":\"https:\/\/cyclovac.cat\/#\/schema\/logo\/image\/\",\"url\":\"https:\/\/cyclovac.cat\/wp-content\/uploads\/2025\/06\/cyclovac-logo.png\",\"contentUrl\":\"https:\/\/cyclovac.cat\/wp-content\/uploads\/2025\/06\/cyclovac-logo.png\",\"width\":303,\"height\":57,\"caption\":\"Cyclovac\"},\"image\":{\"@id\":\"https:\/\/cyclovac.cat\/#\/schema\/logo\/image\/\"}},{\"@type\":\"Person\",\"@id\":\"https:\/\/cyclovac.cat\/#\/schema\/person\/82ad5afde8202156bebcd9cc7c10370f\",\"name\":\"admin\",\"image\":{\"@type\":\"ImageObject\",\"inLanguage\":\"es\",\"@id\":\"https:\/\/cyclovac.cat\/#\/schema\/person\/image\/\",\"url\":\"https:\/\/secure.gravatar.com\/avatar\/82ed76d73c0e873d8f085d112004a081a08b9e2d438019ebf114369d2dab14cf?s=96&d=mm&r=g\",\"contentUrl\":\"https:\/\/secure.gravatar.com\/avatar\/82ed76d73c0e873d8f085d112004a081a08b9e2d438019ebf114369d2dab14cf?s=96&d=mm&r=g\",\"caption\":\"admin\"},\"sameAs\":[\"https:\/\/cyclovac.cat\"],\"url\":\"https:\/\/cyclovac.cat\/es\/author\/admin\/\"}]}<\/script>\n<!-- \/ Yoast SEO plugin. -->","yoast_head_json":{"title":"Avantatges de l\u2019aspiraci\u00f3 centralitzada per a persones amb al\u00b7l\u00e8rgies","description":"Un sistema que millora la qualitat de l\u2019aire interior i redueix la pres\u00e8ncia de pols i al\u00b7l\u00e8rgens a la llar. Avantatges de l\u2019aspiraci\u00f3 centralitzada per a persones amb al\u00b7l\u00e8rgies.","robots":{"index":"index","follow":"follow","max-snippet":"max-snippet:-1","max-image-preview":"max-image-preview:large","max-video-preview":"max-video-preview:-1"},"canonical":"https:\/\/cyclovac.cat\/es\/avantatges-de-laspiracio-centralitzada-per-a-persones-amb-allergies\/","og_locale":"es_ES","og_type":"article","og_title":"Avantatges de l\u2019aspiraci\u00f3 centralitzada per a persones amb al\u00b7l\u00e8rgies","og_description":"Un sistema que millora la qualitat de l\u2019aire interior i redueix la pres\u00e8ncia de pols i al\u00b7l\u00e8rgens a la llar. Avantatges de l\u2019aspiraci\u00f3 centralitzada per a persones amb al\u00b7l\u00e8rgies.","og_url":"https:\/\/cyclovac.cat\/es\/avantatges-de-laspiracio-centralitzada-per-a-persones-amb-allergies\/","og_site_name":"Cyclovac","article_published_time":"2026-04-22T12:01:39+00:00","article_modified_time":"2026-04-22T12:05:19+00:00","og_image":[{"width":680,"height":540,"url":"https:\/\/cyclovac.cat\/wp-content\/uploads\/2026\/04\/Avantatges-de-laspiracio-centralitzada-per-a-persones-amb-allergies.jpg","type":"image\/jpeg"}],"author":"admin","twitter_card":"summary_large_image","twitter_misc":{"Escrito por":"admin","Tiempo de lectura":"3 minutos"},"schema":{"@context":"https:\/\/schema.org","@graph":[{"@type":"Article","@id":"https:\/\/cyclovac.cat\/avantatges-de-laspiracio-centralitzada-per-a-persones-amb-allergies\/#article","isPartOf":{"@id":"https:\/\/cyclovac.cat\/avantatges-de-laspiracio-centralitzada-per-a-persones-amb-allergies\/"},"author":{"name":"admin","@id":"https:\/\/cyclovac.cat\/#\/schema\/person\/82ad5afde8202156bebcd9cc7c10370f"},"headline":"Avantatges de l\u2019aspiraci\u00f3 centralitzada per a persones amb al\u00b7l\u00e8rgies","datePublished":"2026-04-22T12:01:39+00:00","dateModified":"2026-04-22T12:05:19+00:00","mainEntityOfPage":{"@id":"https:\/\/cyclovac.cat\/avantatges-de-laspiracio-centralitzada-per-a-persones-amb-allergies\/"},"wordCount":465,"commentCount":0,"publisher":{"@id":"https:\/\/cyclovac.cat\/#organization"},"image":{"@id":"https:\/\/cyclovac.cat\/avantatges-de-laspiracio-centralitzada-per-a-persones-amb-allergies\/#primaryimage"},"thumbnailUrl":"https:\/\/cyclovac.cat\/wp-content\/uploads\/2026\/04\/Avantatges-de-laspiracio-centralitzada-per-a-persones-amb-allergies.jpg","articleSection":["Sense categoria"],"inLanguage":"es","potentialAction":[{"@type":"CommentAction","name":"Comment","target":["https:\/\/cyclovac.cat\/avantatges-de-laspiracio-centralitzada-per-a-persones-amb-allergies\/#respond"]}]},{"@type":"WebPage","@id":"https:\/\/cyclovac.cat\/avantatges-de-laspiracio-centralitzada-per-a-persones-amb-allergies\/","url":"https:\/\/cyclovac.cat\/avantatges-de-laspiracio-centralitzada-per-a-persones-amb-allergies\/","name":"Avantatges de l\u2019aspiraci\u00f3 centralitzada per a persones amb al\u00b7l\u00e8rgies","isPartOf":{"@id":"https:\/\/cyclovac.cat\/#website"},"primaryImageOfPage":{"@id":"https:\/\/cyclovac.cat\/avantatges-de-laspiracio-centralitzada-per-a-persones-amb-allergies\/#primaryimage"},"image":{"@id":"https:\/\/cyclovac.cat\/avantatges-de-laspiracio-centralitzada-per-a-persones-amb-allergies\/#primaryimage"},"thumbnailUrl":"https:\/\/cyclovac.cat\/wp-content\/uploads\/2026\/04\/Avantatges-de-laspiracio-centralitzada-per-a-persones-amb-allergies.jpg","datePublished":"2026-04-22T12:01:39+00:00","dateModified":"2026-04-22T12:05:19+00:00","description":"Un sistema que millora la qualitat de l\u2019aire interior i redueix la pres\u00e8ncia de pols i al\u00b7l\u00e8rgens a la llar. Avantatges de l\u2019aspiraci\u00f3 centralitzada per a persones amb al\u00b7l\u00e8rgies.","breadcrumb":{"@id":"https:\/\/cyclovac.cat\/avantatges-de-laspiracio-centralitzada-per-a-persones-amb-allergies\/#breadcrumb"},"inLanguage":"es","potentialAction":[{"@type":"ReadAction","target":["https:\/\/cyclovac.cat\/avantatges-de-laspiracio-centralitzada-per-a-persones-amb-allergies\/"]}]},{"@type":"ImageObject","inLanguage":"es","@id":"https:\/\/cyclovac.cat\/avantatges-de-laspiracio-centralitzada-per-a-persones-amb-allergies\/#primaryimage","url":"https:\/\/cyclovac.cat\/wp-content\/uploads\/2026\/04\/Avantatges-de-laspiracio-centralitzada-per-a-persones-amb-allergies.jpg","contentUrl":"https:\/\/cyclovac.cat\/wp-content\/uploads\/2026\/04\/Avantatges-de-laspiracio-centralitzada-per-a-persones-amb-allergies.jpg","width":680,"height":540,"caption":"Avantatges de l\u2019aspiraci\u00f3 centralitzada per a persones amb al\u00b7l\u00e8rgies"},{"@type":"BreadcrumbList","@id":"https:\/\/cyclovac.cat\/avantatges-de-laspiracio-centralitzada-per-a-persones-amb-allergies\/#breadcrumb","itemListElement":[{"@type":"ListItem","position":1,"name":"Inici","item":"https:\/\/cyclovac.cat\/"},{"@type":"ListItem","position":2,"name":"Avantatges de l\u2019aspiraci\u00f3 centralitzada per a persones amb al\u00b7l\u00e8rgies"}]},{"@type":"WebSite","@id":"https:\/\/cyclovac.cat\/#website","url":"https:\/\/cyclovac.cat\/","name":"Cyclovac","description":"Amb m\u00e9s de 60 anys d\u2019excel\u00b7l\u00e8ncia, Cyclovac dissenya i fabrica al Canad\u00e0 sistemes d\u2019aspiraci\u00f3 central potents, silenciosos i duradors, amb garanties exclusives de 10 a 25 anys. Gr\u00e0cies a una recerca i desenvolupament continus, oferim solucions a mida que milloren la qualitat de l\u2019aire interior i faciliten la neteja di\u00e0ria. La nostra xarxa global de professionals especialitzats garanteix una instal\u00b7laci\u00f3 i un servei t\u00e8cnic \u00f2ptims, adaptats a les necessitats de cada llar.","publisher":{"@id":"https:\/\/cyclovac.cat\/#organization"},"potentialAction":[{"@type":"SearchAction","target":{"@type":"EntryPoint","urlTemplate":"https:\/\/cyclovac.cat\/?s={search_term_string}"},"query-input":{"@type":"PropertyValueSpecification","valueRequired":true,"valueName":"search_term_string"}}],"inLanguage":"es"},{"@type":"Organization","@id":"https:\/\/cyclovac.cat\/#organization","name":"Cyclovac","url":"https:\/\/cyclovac.cat\/","logo":{"@type":"ImageObject","inLanguage":"es","@id":"https:\/\/cyclovac.cat\/#\/schema\/logo\/image\/","url":"https:\/\/cyclovac.cat\/wp-content\/uploads\/2025\/06\/cyclovac-logo.png","contentUrl":"https:\/\/cyclovac.cat\/wp-content\/uploads\/2025\/06\/cyclovac-logo.png","width":303,"height":57,"caption":"Cyclovac"},"image":{"@id":"https:\/\/cyclovac.cat\/#\/schema\/logo\/image\/"}},{"@type":"Person","@id":"https:\/\/cyclovac.cat\/#\/schema\/person\/82ad5afde8202156bebcd9cc7c10370f","name":"admin","image":{"@type":"ImageObject","inLanguage":"es","@id":"https:\/\/cyclovac.cat\/#\/schema\/person\/image\/","url":"https:\/\/secure.gravatar.com\/avatar\/82ed76d73c0e873d8f085d112004a081a08b9e2d438019ebf114369d2dab14cf?s=96&d=mm&r=g","contentUrl":"https:\/\/secure.gravatar.com\/avatar\/82ed76d73c0e873d8f085d112004a081a08b9e2d438019ebf114369d2dab14cf?s=96&d=mm&r=g","caption":"admin"},"sameAs":["https:\/\/cyclovac.cat"],"url":"https:\/\/cyclovac.cat\/es\/author\/admin\/"}]}},"_links":{"self":[{"href":"https:\/\/cyclovac.cat\/es\/wp-json\/wp\/v2\/posts\/1118","targetHints":{"allow":["GET"]}}],"collection":[{"href":"https:\/\/cyclovac.cat\/es\/wp-json\/wp\/v2\/posts"}],"about":[{"href":"https:\/\/cyclovac.cat\/es\/wp-json\/wp\/v2\/types\/post"}],"author":[{"embeddable":true,"href":"https:\/\/cyclovac.cat\/es\/wp-json\/wp\/v2\/users\/1"}],"replies":[{"embeddable":true,"href":"https:\/\/cyclovac.cat\/es\/wp-json\/wp\/v2\/comments?post=1118"}],"version-history":[{"count":1,"href":"https:\/\/cyclovac.cat\/es\/wp-json\/wp\/v2\/posts\/1118\/revisions"}],"predecessor-version":[{"id":1119,"href":"https:\/\/cyclovac.cat\/es\/wp-json\/wp\/v2\/posts\/1118\/revisions\/1119"}],"wp:featuredmedia":[{"embeddable":true,"href":"https:\/\/cyclovac.cat\/es\/wp-json\/wp\/v2\/media\/1120"}],"wp:attachment":[{"href":"https:\/\/cyclovac.cat\/es\/wp-json\/wp\/v2\/media?parent=1118"}],"wp:term":[{"taxonomy":"category","embeddable":true,"href":"https:\/\/cyclovac.cat\/es\/wp-json\/wp\/v2\/categories?post=1118"},{"taxonomy":"post_tag","embeddable":true,"href":"https:\/\/cyclovac.cat\/es\/wp-json\/wp\/v2\/tags?post=1118"}],"curies":[{"name":"wp","href":"https:\/\/api.w.org\/{rel}","templated":true}]}}