{"id":1125,"date":"2026-04-22T14:19:55","date_gmt":"2026-04-22T12:19:55","guid":{"rendered":"https:\/\/cyclovac.cat\/?p=1125"},"modified":"2026-04-22T14:19:57","modified_gmt":"2026-04-22T12:19:57","slug":"com-millorar-la-qualitat-de-laire-a-casa-amb-aspiracio-centralitzada","status":"publish","type":"post","link":"https:\/\/cyclovac.cat\/es\/com-millorar-la-qualitat-de-laire-a-casa-amb-aspiracio-centralitzada\/","title":{"rendered":"Com millorar la qualitat de l\u2019aire a casa amb aspiraci\u00f3 centralitzada"},"content":{"rendered":"<h2 class=\"wp-block-heading has-mdm-large-font-size\">Eliminar la pols fina i els al\u00b7l\u00e8rgens de manera eficient \u00e9s clau per crear un ambient m\u00e9s saludable a la llar<\/h2>\n\n\n\n<p>La qualitat de l\u2019aire interior \u00e9s un factor cada vegada m\u00e9s important en el benestar de les persones. Tot i que sovint es posa el focus en la contaminaci\u00f3 exterior, la realitat \u00e9s que dins de casa tamb\u00e9 s\u2019acumulen part\u00edcules com pols, \u00e0cars, pol\u00b7len o p\u00e8l d\u2019animals que poden afectar la salut.<\/p>\n\n\n\n<p>En aquest context, els sistemes d\u2019aspiraci\u00f3 centralitzada s\u2019han convertit en una eina molt efica\u00e7 per millorar l\u2019ambient de la llar, ja que permeten eliminar aquestes part\u00edcules de manera molt m\u00e9s eficient que els sistemes tradicionals.<\/p>\n\n\n\n<h3 class=\"wp-block-heading has-medium-font-size\">Per qu\u00e8 l\u2019aire interior pot ser m\u00e9s contaminat del que sembla<\/h3>\n\n\n\n<p>Moltes vegades es pensa que la casa \u00e9s un espai net i segur, per\u00f2 la pols fina i els al\u00b7l\u00e8rgens poden quedar en suspensi\u00f3 durant hores, especialment despr\u00e9s de netejar amb sistemes que no filtren correctament.<\/p>\n\n\n\n<p>Els aspiradors convencionals, en alguns casos, poden expulsar part d\u2019aquestes part\u00edcules de nou a l\u2019ambient, fet que redueix l\u2019efectivitat de la neteja.<\/p>\n\n\n\n<h3 class=\"wp-block-heading has-medium-font-size\">Com ajuda l\u2019aspiraci\u00f3 centralitzada<\/h3>\n\n\n\n<p>Els sistemes d\u2019aspiraci\u00f3 centralitzada funcionen de manera diferent. La unitat central, ubicada fora de les zones habitables, expulsa l\u2019aire a l\u2019exterior o el filtra amb sistemes molt m\u00e9s avan\u00e7ats.<\/p>\n\n\n\n<p>Aix\u00f2 evita que la pols torni a l\u2019interior i permet mantenir un ambient molt m\u00e9s net i saludable.<\/p>\n\n\n\n<p>Sistemes com els de Cyclovac estan dissenyats per oferir una alta capacitat de filtraci\u00f3 i una gran pot\u00e8ncia d\u2019aspiraci\u00f3, eliminant fins i tot les part\u00edcules m\u00e9s petites.<\/p>\n\n\n\n<h3 class=\"wp-block-heading has-medium-font-size\">Beneficis per a la salut i el benestar<\/h3>\n\n\n\n<p>Millorar la qualitat de l\u2019aire a casa t\u00e9 un impacte directe en la salut. Reduir la pres\u00e8ncia d\u2019al\u00b7l\u00e8rgens ajuda a disminuir s\u00edmptomes com esternuts, congesti\u00f3 o irritaci\u00f3 ocular, especialment en persones amb al\u00b7l\u00e8rgies o asma.<\/p>\n\n\n\n<p>A m\u00e9s, un ambient m\u00e9s net tamb\u00e9 contribueix a una millor sensaci\u00f3 de confort i benestar en el dia a dia.<\/p>\n\n\n\n<h3 class=\"wp-block-heading has-medium-font-size\">Una soluci\u00f3 pensada per al dia a dia<\/h3>\n\n\n\n<p>A m\u00e9s de millorar l\u2019aire, aquests sistemes fan que la neteja sigui m\u00e9s c\u00f2moda i eficient. El fet de no haver de transportar un aspirador i poder netejar r\u00e0pidament facilita mantenir la casa en millors condicions de manera constant.<\/p>\n\n\n\n<p>Aix\u00f2 \u00e9s clau per evitar l\u2019acumulaci\u00f3 de pols i mantenir un ambient saludable de forma continuada.<\/p>\n\n\n\n<h3 class=\"wp-block-heading has-medium-font-size\">Una inversi\u00f3 en salut<\/h3>\n\n\n\n<p>M\u00e9s enll\u00e0 de la comoditat, apostar per un sistema d\u2019aspiraci\u00f3 centralitzada \u00e9s una inversi\u00f3 en salut. En un moment en qu\u00e8 cada vegada es dona m\u00e9s import\u00e0ncia a la qualitat de vida dins de la llar, aquest tipus de solucions es posicionen com una opci\u00f3 molt recomanable.<\/p>\n\n\n\n<p>Amb una bona planificaci\u00f3 i l\u2019assessorament adequat, \u00e9s possible transformar la casa en un espai m\u00e9s net, saludable i confortable per a tota la fam\u00edlia.<\/p>","protected":false},"excerpt":{"rendered":"<p>Eliminar la pols fina i els al\u00b7l\u00e8rgens de manera eficient \u00e9s clau per crear un ambient m\u00e9s saludable a la llar La qualitat de l\u2019aire interior \u00e9s un factor cada vegada m\u00e9s important en el benestar de les persones. Tot i que sovint es posa el focus en la contaminaci\u00f3 exterior, la realitat \u00e9s que [&hellip;]<\/p>","protected":false},"author":1,"featured_media":1126,"comment_status":"open","ping_status":"open","sticky":false,"template":"","format":"standard","meta":{"footnotes":""},"categories":[37],"tags":[],"class_list":["post-1125","post","type-post","status-publish","format-standard","has-post-thumbnail","hentry","category-sense-categoria-ca"],"yoast_head":"<!-- This site is optimized with the Yoast SEO plugin v25.5 - https:\/\/yoast.com\/wordpress\/plugins\/seo\/ -->\n<title>Com millorar la qualitat de l\u2019aire a casa amb aspiraci\u00f3 centralitzada<\/title>\n<meta name=\"description\" content=\"Eliminar la pols fina i els al\u00b7l\u00e8rgens de manera eficient \u00e9s clau per crear un ambient m\u00e9s saludable a la llar. Com millorar la qualitat de l\u2019aire a casa amb aspiraci\u00f3 centralitzada.\" \/>\n<meta name=\"robots\" content=\"index, follow, max-snippet:-1, max-image-preview:large, max-video-preview:-1\" \/>\n<link rel=\"canonical\" href=\"https:\/\/cyclovac.cat\/es\/com-millorar-la-qualitat-de-laire-a-casa-amb-aspiracio-centralitzada\/\" \/>\n<meta property=\"og:locale\" content=\"es_ES\" \/>\n<meta property=\"og:type\" content=\"article\" \/>\n<meta property=\"og:title\" content=\"Com millorar la qualitat de l\u2019aire a casa amb aspiraci\u00f3 centralitzada\" \/>\n<meta property=\"og:description\" content=\"Eliminar la pols fina i els al\u00b7l\u00e8rgens de manera eficient \u00e9s clau per crear un ambient m\u00e9s saludable a la llar. Com millorar la qualitat de l\u2019aire a casa amb aspiraci\u00f3 centralitzada.\" \/>\n<meta property=\"og:url\" content=\"https:\/\/cyclovac.cat\/es\/com-millorar-la-qualitat-de-laire-a-casa-amb-aspiracio-centralitzada\/\" \/>\n<meta property=\"og:site_name\" content=\"Cyclovac\" \/>\n<meta property=\"article:published_time\" content=\"2026-04-22T12:19:55+00:00\" \/>\n<meta property=\"article:modified_time\" content=\"2026-04-22T12:19:57+00:00\" \/>\n<meta property=\"og:image\" content=\"https:\/\/cyclovac.cat\/wp-content\/uploads\/2026\/04\/Com-millorar-la-qualitat-de-laire-a-casa-amb-aspiracio-centralitzada.jpg\" \/>\n\t<meta property=\"og:image:width\" content=\"680\" \/>\n\t<meta property=\"og:image:height\" content=\"540\" \/>\n\t<meta property=\"og:image:type\" content=\"image\/jpeg\" \/>\n<meta name=\"author\" content=\"admin\" \/>\n<meta name=\"twitter:card\" content=\"summary_large_image\" \/>\n<meta name=\"twitter:label1\" content=\"Escrito por\" \/>\n\t<meta name=\"twitter:data1\" content=\"admin\" \/>\n\t<meta name=\"twitter:label2\" content=\"Tiempo de lectura\" \/>\n\t<meta name=\"twitter:data2\" content=\"3 minutos\" \/>\n<script type=\"application\/ld+json\" class=\"yoast-schema-graph\">{\"@context\":\"https:\/\/schema.org\",\"@graph\":[{\"@type\":\"Article\",\"@id\":\"https:\/\/cyclovac.cat\/com-millorar-la-qualitat-de-laire-a-casa-amb-aspiracio-centralitzada\/#article\",\"isPartOf\":{\"@id\":\"https:\/\/cyclovac.cat\/com-millorar-la-qualitat-de-laire-a-casa-amb-aspiracio-centralitzada\/\"},\"author\":{\"name\":\"admin\",\"@id\":\"https:\/\/cyclovac.cat\/#\/schema\/person\/82ad5afde8202156bebcd9cc7c10370f\"},\"headline\":\"Com millorar la qualitat de l\u2019aire a casa amb aspiraci\u00f3 centralitzada\",\"datePublished\":\"2026-04-22T12:19:55+00:00\",\"dateModified\":\"2026-04-22T12:19:57+00:00\",\"mainEntityOfPage\":{\"@id\":\"https:\/\/cyclovac.cat\/com-millorar-la-qualitat-de-laire-a-casa-amb-aspiracio-centralitzada\/\"},\"wordCount\":529,\"commentCount\":0,\"publisher\":{\"@id\":\"https:\/\/cyclovac.cat\/#organization\"},\"image\":{\"@id\":\"https:\/\/cyclovac.cat\/com-millorar-la-qualitat-de-laire-a-casa-amb-aspiracio-centralitzada\/#primaryimage\"},\"thumbnailUrl\":\"https:\/\/cyclovac.cat\/wp-content\/uploads\/2026\/04\/Com-millorar-la-qualitat-de-laire-a-casa-amb-aspiracio-centralitzada.jpg\",\"articleSection\":[\"Sense categoria\"],\"inLanguage\":\"es\",\"potentialAction\":[{\"@type\":\"CommentAction\",\"name\":\"Comment\",\"target\":[\"https:\/\/cyclovac.cat\/com-millorar-la-qualitat-de-laire-a-casa-amb-aspiracio-centralitzada\/#respond\"]}]},{\"@type\":\"WebPage\",\"@id\":\"https:\/\/cyclovac.cat\/com-millorar-la-qualitat-de-laire-a-casa-amb-aspiracio-centralitzada\/\",\"url\":\"https:\/\/cyclovac.cat\/com-millorar-la-qualitat-de-laire-a-casa-amb-aspiracio-centralitzada\/\",\"name\":\"Com millorar la qualitat de l\u2019aire a casa amb aspiraci\u00f3 centralitzada\",\"isPartOf\":{\"@id\":\"https:\/\/cyclovac.cat\/#website\"},\"primaryImageOfPage\":{\"@id\":\"https:\/\/cyclovac.cat\/com-millorar-la-qualitat-de-laire-a-casa-amb-aspiracio-centralitzada\/#primaryimage\"},\"image\":{\"@id\":\"https:\/\/cyclovac.cat\/com-millorar-la-qualitat-de-laire-a-casa-amb-aspiracio-centralitzada\/#primaryimage\"},\"thumbnailUrl\":\"https:\/\/cyclovac.cat\/wp-content\/uploads\/2026\/04\/Com-millorar-la-qualitat-de-laire-a-casa-amb-aspiracio-centralitzada.jpg\",\"datePublished\":\"2026-04-22T12:19:55+00:00\",\"dateModified\":\"2026-04-22T12:19:57+00:00\",\"description\":\"Eliminar la pols fina i els al\u00b7l\u00e8rgens de manera eficient \u00e9s clau per crear un ambient m\u00e9s saludable a la llar. Com millorar la qualitat de l\u2019aire a casa amb aspiraci\u00f3 centralitzada.\",\"breadcrumb\":{\"@id\":\"https:\/\/cyclovac.cat\/com-millorar-la-qualitat-de-laire-a-casa-amb-aspiracio-centralitzada\/#breadcrumb\"},\"inLanguage\":\"es\",\"potentialAction\":[{\"@type\":\"ReadAction\",\"target\":[\"https:\/\/cyclovac.cat\/com-millorar-la-qualitat-de-laire-a-casa-amb-aspiracio-centralitzada\/\"]}]},{\"@type\":\"ImageObject\",\"inLanguage\":\"es\",\"@id\":\"https:\/\/cyclovac.cat\/com-millorar-la-qualitat-de-laire-a-casa-amb-aspiracio-centralitzada\/#primaryimage\",\"url\":\"https:\/\/cyclovac.cat\/wp-content\/uploads\/2026\/04\/Com-millorar-la-qualitat-de-laire-a-casa-amb-aspiracio-centralitzada.jpg\",\"contentUrl\":\"https:\/\/cyclovac.cat\/wp-content\/uploads\/2026\/04\/Com-millorar-la-qualitat-de-laire-a-casa-amb-aspiracio-centralitzada.jpg\",\"width\":680,\"height\":540,\"caption\":\"Com millorar la qualitat de l\u2019aire a casa amb aspiraci\u00f3 centralitzada\"},{\"@type\":\"BreadcrumbList\",\"@id\":\"https:\/\/cyclovac.cat\/com-millorar-la-qualitat-de-laire-a-casa-amb-aspiracio-centralitzada\/#breadcrumb\",\"itemListElement\":[{\"@type\":\"ListItem\",\"position\":1,\"name\":\"Inici\",\"item\":\"https:\/\/cyclovac.cat\/\"},{\"@type\":\"ListItem\",\"position\":2,\"name\":\"Com millorar la qualitat de l\u2019aire a casa amb aspiraci\u00f3 centralitzada\"}]},{\"@type\":\"WebSite\",\"@id\":\"https:\/\/cyclovac.cat\/#website\",\"url\":\"https:\/\/cyclovac.cat\/\",\"name\":\"Cyclovac\",\"description\":\"Amb m\u00e9s de 60 anys d\u2019excel\u00b7l\u00e8ncia, Cyclovac dissenya i fabrica al Canad\u00e0 sistemes d\u2019aspiraci\u00f3 central potents, silenciosos i duradors, amb garanties exclusives de 10 a 25 anys. Gr\u00e0cies a una recerca i desenvolupament continus, oferim solucions a mida que milloren la qualitat de l\u2019aire interior i faciliten la neteja di\u00e0ria. La nostra xarxa global de professionals especialitzats garanteix una instal\u00b7laci\u00f3 i un servei t\u00e8cnic \u00f2ptims, adaptats a les necessitats de cada llar.\",\"publisher\":{\"@id\":\"https:\/\/cyclovac.cat\/#organization\"},\"potentialAction\":[{\"@type\":\"SearchAction\",\"target\":{\"@type\":\"EntryPoint\",\"urlTemplate\":\"https:\/\/cyclovac.cat\/?s={search_term_string}\"},\"query-input\":{\"@type\":\"PropertyValueSpecification\",\"valueRequired\":true,\"valueName\":\"search_term_string\"}}],\"inLanguage\":\"es\"},{\"@type\":\"Organization\",\"@id\":\"https:\/\/cyclovac.cat\/#organization\",\"name\":\"Cyclovac\",\"url\":\"https:\/\/cyclovac.cat\/\",\"logo\":{\"@type\":\"ImageObject\",\"inLanguage\":\"es\",\"@id\":\"https:\/\/cyclovac.cat\/#\/schema\/logo\/image\/\",\"url\":\"https:\/\/cyclovac.cat\/wp-content\/uploads\/2025\/06\/cyclovac-logo.png\",\"contentUrl\":\"https:\/\/cyclovac.cat\/wp-content\/uploads\/2025\/06\/cyclovac-logo.png\",\"width\":303,\"height\":57,\"caption\":\"Cyclovac\"},\"image\":{\"@id\":\"https:\/\/cyclovac.cat\/#\/schema\/logo\/image\/\"}},{\"@type\":\"Person\",\"@id\":\"https:\/\/cyclovac.cat\/#\/schema\/person\/82ad5afde8202156bebcd9cc7c10370f\",\"name\":\"admin\",\"image\":{\"@type\":\"ImageObject\",\"inLanguage\":\"es\",\"@id\":\"https:\/\/cyclovac.cat\/#\/schema\/person\/image\/\",\"url\":\"https:\/\/secure.gravatar.com\/avatar\/82ed76d73c0e873d8f085d112004a081a08b9e2d438019ebf114369d2dab14cf?s=96&d=mm&r=g\",\"contentUrl\":\"https:\/\/secure.gravatar.com\/avatar\/82ed76d73c0e873d8f085d112004a081a08b9e2d438019ebf114369d2dab14cf?s=96&d=mm&r=g\",\"caption\":\"admin\"},\"sameAs\":[\"https:\/\/cyclovac.cat\"],\"url\":\"https:\/\/cyclovac.cat\/es\/author\/admin\/\"}]}<\/script>\n<!-- \/ Yoast SEO plugin. -->","yoast_head_json":{"title":"Com millorar la qualitat de l\u2019aire a casa amb aspiraci\u00f3 centralitzada","description":"Eliminar la pols fina i els al\u00b7l\u00e8rgens de manera eficient \u00e9s clau per crear un ambient m\u00e9s saludable a la llar. Com millorar la qualitat de l\u2019aire a casa amb aspiraci\u00f3 centralitzada.","robots":{"index":"index","follow":"follow","max-snippet":"max-snippet:-1","max-image-preview":"max-image-preview:large","max-video-preview":"max-video-preview:-1"},"canonical":"https:\/\/cyclovac.cat\/es\/com-millorar-la-qualitat-de-laire-a-casa-amb-aspiracio-centralitzada\/","og_locale":"es_ES","og_type":"article","og_title":"Com millorar la qualitat de l\u2019aire a casa amb aspiraci\u00f3 centralitzada","og_description":"Eliminar la pols fina i els al\u00b7l\u00e8rgens de manera eficient \u00e9s clau per crear un ambient m\u00e9s saludable a la llar. Com millorar la qualitat de l\u2019aire a casa amb aspiraci\u00f3 centralitzada.","og_url":"https:\/\/cyclovac.cat\/es\/com-millorar-la-qualitat-de-laire-a-casa-amb-aspiracio-centralitzada\/","og_site_name":"Cyclovac","article_published_time":"2026-04-22T12:19:55+00:00","article_modified_time":"2026-04-22T12:19:57+00:00","og_image":[{"width":680,"height":540,"url":"https:\/\/cyclovac.cat\/wp-content\/uploads\/2026\/04\/Com-millorar-la-qualitat-de-laire-a-casa-amb-aspiracio-centralitzada.jpg","type":"image\/jpeg"}],"author":"admin","twitter_card":"summary_large_image","twitter_misc":{"Escrito por":"admin","Tiempo de lectura":"3 minutos"},"schema":{"@context":"https:\/\/schema.org","@graph":[{"@type":"Article","@id":"https:\/\/cyclovac.cat\/com-millorar-la-qualitat-de-laire-a-casa-amb-aspiracio-centralitzada\/#article","isPartOf":{"@id":"https:\/\/cyclovac.cat\/com-millorar-la-qualitat-de-laire-a-casa-amb-aspiracio-centralitzada\/"},"author":{"name":"admin","@id":"https:\/\/cyclovac.cat\/#\/schema\/person\/82ad5afde8202156bebcd9cc7c10370f"},"headline":"Com millorar la qualitat de l\u2019aire a casa amb aspiraci\u00f3 centralitzada","datePublished":"2026-04-22T12:19:55+00:00","dateModified":"2026-04-22T12:19:57+00:00","mainEntityOfPage":{"@id":"https:\/\/cyclovac.cat\/com-millorar-la-qualitat-de-laire-a-casa-amb-aspiracio-centralitzada\/"},"wordCount":529,"commentCount":0,"publisher":{"@id":"https:\/\/cyclovac.cat\/#organization"},"image":{"@id":"https:\/\/cyclovac.cat\/com-millorar-la-qualitat-de-laire-a-casa-amb-aspiracio-centralitzada\/#primaryimage"},"thumbnailUrl":"https:\/\/cyclovac.cat\/wp-content\/uploads\/2026\/04\/Com-millorar-la-qualitat-de-laire-a-casa-amb-aspiracio-centralitzada.jpg","articleSection":["Sense categoria"],"inLanguage":"es","potentialAction":[{"@type":"CommentAction","name":"Comment","target":["https:\/\/cyclovac.cat\/com-millorar-la-qualitat-de-laire-a-casa-amb-aspiracio-centralitzada\/#respond"]}]},{"@type":"WebPage","@id":"https:\/\/cyclovac.cat\/com-millorar-la-qualitat-de-laire-a-casa-amb-aspiracio-centralitzada\/","url":"https:\/\/cyclovac.cat\/com-millorar-la-qualitat-de-laire-a-casa-amb-aspiracio-centralitzada\/","name":"Com millorar la qualitat de l\u2019aire a casa amb aspiraci\u00f3 centralitzada","isPartOf":{"@id":"https:\/\/cyclovac.cat\/#website"},"primaryImageOfPage":{"@id":"https:\/\/cyclovac.cat\/com-millorar-la-qualitat-de-laire-a-casa-amb-aspiracio-centralitzada\/#primaryimage"},"image":{"@id":"https:\/\/cyclovac.cat\/com-millorar-la-qualitat-de-laire-a-casa-amb-aspiracio-centralitzada\/#primaryimage"},"thumbnailUrl":"https:\/\/cyclovac.cat\/wp-content\/uploads\/2026\/04\/Com-millorar-la-qualitat-de-laire-a-casa-amb-aspiracio-centralitzada.jpg","datePublished":"2026-04-22T12:19:55+00:00","dateModified":"2026-04-22T12:19:57+00:00","description":"Eliminar la pols fina i els al\u00b7l\u00e8rgens de manera eficient \u00e9s clau per crear un ambient m\u00e9s saludable a la llar. Com millorar la qualitat de l\u2019aire a casa amb aspiraci\u00f3 centralitzada.","breadcrumb":{"@id":"https:\/\/cyclovac.cat\/com-millorar-la-qualitat-de-laire-a-casa-amb-aspiracio-centralitzada\/#breadcrumb"},"inLanguage":"es","potentialAction":[{"@type":"ReadAction","target":["https:\/\/cyclovac.cat\/com-millorar-la-qualitat-de-laire-a-casa-amb-aspiracio-centralitzada\/"]}]},{"@type":"ImageObject","inLanguage":"es","@id":"https:\/\/cyclovac.cat\/com-millorar-la-qualitat-de-laire-a-casa-amb-aspiracio-centralitzada\/#primaryimage","url":"https:\/\/cyclovac.cat\/wp-content\/uploads\/2026\/04\/Com-millorar-la-qualitat-de-laire-a-casa-amb-aspiracio-centralitzada.jpg","contentUrl":"https:\/\/cyclovac.cat\/wp-content\/uploads\/2026\/04\/Com-millorar-la-qualitat-de-laire-a-casa-amb-aspiracio-centralitzada.jpg","width":680,"height":540,"caption":"Com millorar la qualitat de l\u2019aire a casa amb aspiraci\u00f3 centralitzada"},{"@type":"BreadcrumbList","@id":"https:\/\/cyclovac.cat\/com-millorar-la-qualitat-de-laire-a-casa-amb-aspiracio-centralitzada\/#breadcrumb","itemListElement":[{"@type":"ListItem","position":1,"name":"Inici","item":"https:\/\/cyclovac.cat\/"},{"@type":"ListItem","position":2,"name":"Com millorar la qualitat de l\u2019aire a casa amb aspiraci\u00f3 centralitzada"}]},{"@type":"WebSite","@id":"https:\/\/cyclovac.cat\/#website","url":"https:\/\/cyclovac.cat\/","name":"Cyclovac","description":"Amb m\u00e9s de 60 anys d\u2019excel\u00b7l\u00e8ncia, Cyclovac dissenya i fabrica al Canad\u00e0 sistemes d\u2019aspiraci\u00f3 central potents, silenciosos i duradors, amb garanties exclusives de 10 a 25 anys. Gr\u00e0cies a una recerca i desenvolupament continus, oferim solucions a mida que milloren la qualitat de l\u2019aire interior i faciliten la neteja di\u00e0ria. La nostra xarxa global de professionals especialitzats garanteix una instal\u00b7laci\u00f3 i un servei t\u00e8cnic \u00f2ptims, adaptats a les necessitats de cada llar.","publisher":{"@id":"https:\/\/cyclovac.cat\/#organization"},"potentialAction":[{"@type":"SearchAction","target":{"@type":"EntryPoint","urlTemplate":"https:\/\/cyclovac.cat\/?s={search_term_string}"},"query-input":{"@type":"PropertyValueSpecification","valueRequired":true,"valueName":"search_term_string"}}],"inLanguage":"es"},{"@type":"Organization","@id":"https:\/\/cyclovac.cat\/#organization","name":"Cyclovac","url":"https:\/\/cyclovac.cat\/","logo":{"@type":"ImageObject","inLanguage":"es","@id":"https:\/\/cyclovac.cat\/#\/schema\/logo\/image\/","url":"https:\/\/cyclovac.cat\/wp-content\/uploads\/2025\/06\/cyclovac-logo.png","contentUrl":"https:\/\/cyclovac.cat\/wp-content\/uploads\/2025\/06\/cyclovac-logo.png","width":303,"height":57,"caption":"Cyclovac"},"image":{"@id":"https:\/\/cyclovac.cat\/#\/schema\/logo\/image\/"}},{"@type":"Person","@id":"https:\/\/cyclovac.cat\/#\/schema\/person\/82ad5afde8202156bebcd9cc7c10370f","name":"admin","image":{"@type":"ImageObject","inLanguage":"es","@id":"https:\/\/cyclovac.cat\/#\/schema\/person\/image\/","url":"https:\/\/secure.gravatar.com\/avatar\/82ed76d73c0e873d8f085d112004a081a08b9e2d438019ebf114369d2dab14cf?s=96&d=mm&r=g","contentUrl":"https:\/\/secure.gravatar.com\/avatar\/82ed76d73c0e873d8f085d112004a081a08b9e2d438019ebf114369d2dab14cf?s=96&d=mm&r=g","caption":"admin"},"sameAs":["https:\/\/cyclovac.cat"],"url":"https:\/\/cyclovac.cat\/es\/author\/admin\/"}]}},"_links":{"self":[{"href":"https:\/\/cyclovac.cat\/es\/wp-json\/wp\/v2\/posts\/1125","targetHints":{"allow":["GET"]}}],"collection":[{"href":"https:\/\/cyclovac.cat\/es\/wp-json\/wp\/v2\/posts"}],"about":[{"href":"https:\/\/cyclovac.cat\/es\/wp-json\/wp\/v2\/types\/post"}],"author":[{"embeddable":true,"href":"https:\/\/cyclovac.cat\/es\/wp-json\/wp\/v2\/users\/1"}],"replies":[{"embeddable":true,"href":"https:\/\/cyclovac.cat\/es\/wp-json\/wp\/v2\/comments?post=1125"}],"version-history":[{"count":1,"href":"https:\/\/cyclovac.cat\/es\/wp-json\/wp\/v2\/posts\/1125\/revisions"}],"predecessor-version":[{"id":1127,"href":"https:\/\/cyclovac.cat\/es\/wp-json\/wp\/v2\/posts\/1125\/revisions\/1127"}],"wp:featuredmedia":[{"embeddable":true,"href":"https:\/\/cyclovac.cat\/es\/wp-json\/wp\/v2\/media\/1126"}],"wp:attachment":[{"href":"https:\/\/cyclovac.cat\/es\/wp-json\/wp\/v2\/media?parent=1125"}],"wp:term":[{"taxonomy":"category","embeddable":true,"href":"https:\/\/cyclovac.cat\/es\/wp-json\/wp\/v2\/categories?post=1125"},{"taxonomy":"post_tag","embeddable":true,"href":"https:\/\/cyclovac.cat\/es\/wp-json\/wp\/v2\/tags?post=1125"}],"curies":[{"name":"wp","href":"https:\/\/api.w.org\/{rel}","templated":true}]}}